{"id":1,"date":"2020-05-04T18:53:19","date_gmt":"2020-05-04T16:53:19","guid":{"rendered":"https:\/\/news.ifit.li\/?p=1"},"modified":"2024-02-12T10:45:58","modified_gmt":"2024-02-12T09:45:58","slug":"willkommen","status":"publish","type":"post","link":"https:\/\/news.ifit.li\/?p=1","title":{"rendered":"Willkommen bei iFIT News"},"content":{"rendered":"\n<p class=\"has-text-align-center\">Diese Website geh\u00f6rt dem Institut f\u00fcr Internet Technologie (<a rel=\"noreferrer noopener\" href=\"https:\/\/ifit.ch\" target=\"_blank\">iFIT<\/a>). <\/p>\n\n\n\n<h2 class=\"wp-block-heading has-text-align-center\">Call for Papers \/ Aufruf zur Publikation<\/h2>\n\n\n\n<p>M\u00f6chten Sie auf dieser Webseite einen (Blog-)Beitrag ver\u00f6ffentlichen, senden Sie einfach ein elektronisches Dokument, welches inhaltlich die traditionell r\u00f6m.-kath. Lehre und den Katechismus befolgt, mit den n\u00f6tigen Angaben an den <a rel=\"noreferrer noopener\" href=\"mailto:web@ifit.ch\" target=\"_blank\">Webmaster<\/a>&nbsp;(Click to send an eMail).<\/p>\n\n\n\n<p>Wir lehnen uns an den Artikel <a rel=\"noreferrer noopener\" href=\"https:\/\/website.ifit.li\/?p=34\" target=\"_blank\">Portale der Wahrheit und des Glaubens<\/a> vom Papst Benedikt XVI. bei der Papstbotschaft zum Gedenktag des hl. Franz von Sales am 24. Januar, dem Patron der Journalisten (<a href=\"https:\/\/website.ifit.li\/?p=17\" target=\"_blank\" rel=\"noreferrer noopener\">Ehrenkodex f\u00fcr Journalisten<\/a>).<\/p>\n\n\n\n<p>Wie Sie vermutlich bereits bemerkt haben, halten wir uns hier an die traditionell g\u00f6ttlich-offenbarte Lehre und den g\u00fcltigen Katechismus der r\u00f6m.-kath. Kirche, die unser Herr Jesus Christus vor rund 2000 Jahren dem Willen des Vaters gehorsam mit seinem Tod am Kreuz gestiftet hat und die seither vom Heiligen Geist gef\u00fchrt und geleitet wird. Siehe: <a href=\"https:\/\/www.ifit.li\/?p=10880\">Was ist katholisch?<\/a><\/p>\n\n\n\n<p>Ausserdem befolgen wir die geltende Grammatik der Deutschen Sprache und insbesondere das Generische Maskulinum, denn die Kirche Jesu Christi bekennt sich klar zu Gottes Sch\u00f6pfung des Menschen als sich erg\u00e4nzendes Abbild Gottes in Mann und Frau. Die menschliche Sprache ist ein Geschenk Gottes, Einsicht ist seine Antwort.<\/p>\n\n\n\n<p><strong>Kardinal M\u00fcller:<\/strong>&nbsp;Die Gendersprache ist kein wissenschaftliches Kriterium, sondern ein Herrschaftsinstrument der Mediokren, geistig Minderbemittelten und autorit\u00e4ren F\u00fchrer mit Blockwartmentalit\u00e4t. Die gro\u00dfe Mehrheit der Deutschen [Anm. d. Red.: und wohl auch aller deutschsprachigen Menschen] lehnt den Missbrauch ihrer Sprache zur geistigen Terrorisierung der Menschen rundweg ab.<br>Zitat aus <a rel=\"noreferrer noopener\" href=\"https:\/\/kath.net\/\" target=\"_blank\">kath.net<\/a>: M\u00fcller: <a rel=\"noreferrer noopener\" href=\"https:\/\/kath.net\/news\/75550\" target=\"_blank\">Kein Mensch darf \u201e\u00fcber Leben und Freiheit des Gewissens und Glaubens anderer entscheiden\u201c<\/a><\/p>\n\n\n\n<p>Wir m\u00f6chten Sie hier auf folgende r\u00f6misch-katholischen Sender, Kan\u00e4le und Fernsehstationen aufmerksam machen:<\/p>\n\n\n\n<h5 class=\"wp-block-heading\">Empfehlenswerte r\u00f6misch-katholische Medien!<br><strong>Alphabetisch geordnet &#8230;<\/strong><\/h5>\n\n\n\n<ul class=\"wp-block-list\">\n<li><a rel=\"noreferrer noopener\" href=\"http:\/\/ewtn.de\/livestream\" target=\"_blank\">EWTN | Katholisches TV<\/a><\/li>\n\n\n\n<li><a rel=\"noreferrer noopener\" href=\"https:\/\/k-tv.org\/\" target=\"_blank\">K-TV<\/a><\/li>\n\n\n\n<li><a rel=\"noreferrer noopener\" href=\"https:\/\/www.youtube.com\/user\/missioaustria\" target=\"_blank\">Missio \u00d6sterreich<\/a><\/li>\n\n\n\n<li><a rel=\"noreferrer noopener\" href=\"https:\/\/www.missio.ch\/\" target=\"_blank\">Missio Schweiz<\/a><\/li>\n\n\n\n<li><a rel=\"noreferrer noopener\" href=\"https:\/\/www.radiogloria.ch\/\" target=\"_blank\">Radio Gloria<\/a><\/li>\n\n\n\n<li><a rel=\"noreferrer noopener\" href=\"http:\/\/www.horeb.org\" target=\"_blank\">Radio Horeb<\/a> (Radio Maria Deutschland)<\/li>\n\n\n\n<li><a rel=\"noreferrer noopener\" href=\"http:\/\/www.radiomaria.ch\/\" target=\"_blank\">Radio Maria Schweiz<\/a><\/li>\n\n\n\n<li><a rel=\"noreferrer noopener\" href=\"https:\/\/www.radiomaria.at\/\" target=\"_blank\">Radio Maria \u00d6sterreich<\/a><\/li>\n\n\n\n<li><a rel=\"noreferrer noopener\" href=\"https:\/\/radiomaria.bz.it\/\" target=\"_blank\">Radio Maria S\u00fcdtirol<\/a><\/li>\n\n\n\n<li><a rel=\"noreferrer noopener\" href=\"https:\/\/www.vaticannews.va\/de\/podcast\/treffpunkt-weltkirche.html\" target=\"_blank\">Radio Vatikan Deutsch<\/a><\/li>\n<\/ul>\n\n\n\n<figure class=\"wp-block-image size-large\"><a href=\"https:\/\/www.ewtn.de\" target=\"_blank\" rel=\"noreferrer noopener\"><img loading=\"lazy\" decoding=\"async\" width=\"1024\" height=\"610\" src=\"https:\/\/news.ifit.li\/wp-content\/uploads\/2020\/05\/EWTN-Katholisches-TV-1024x610.jpg\" alt=\"http:\/\/ewtn.de\/livestream\" class=\"wp-image-80\" srcset=\"https:\/\/news.ifit.li\/wp-content\/uploads\/2020\/05\/EWTN-Katholisches-TV-1024x610.jpg 1024w, https:\/\/news.ifit.li\/wp-content\/uploads\/2020\/05\/EWTN-Katholisches-TV-300x179.jpg 300w, https:\/\/news.ifit.li\/wp-content\/uploads\/2020\/05\/EWTN-Katholisches-TV-768x457.jpg 768w, https:\/\/news.ifit.li\/wp-content\/uploads\/2020\/05\/EWTN-Katholisches-TV-1200x715.jpg 1200w, https:\/\/news.ifit.li\/wp-content\/uploads\/2020\/05\/EWTN-Katholisches-TV.jpg 1202w\" sizes=\"auto, (max-width: 1024px) 100vw, 1024px\" \/><\/a><figcaption class=\"wp-element-caption\">EWTN Katholisches Fernsehen weltweit<\/figcaption><\/figure>\n\n\n\n<figure class=\"wp-block-image size-large\"><a href=\"https:\/\/www.k-tv.org\" target=\"_blank\" rel=\"noreferrer noopener\"><img loading=\"lazy\" decoding=\"async\" width=\"1024\" height=\"735\" src=\"https:\/\/news.ifit.li\/wp-content\/uploads\/2023\/07\/Katholisches-Fernsehen-1024x735.png\" alt=\"\" class=\"wp-image-776\" srcset=\"https:\/\/news.ifit.li\/wp-content\/uploads\/2023\/07\/Katholisches-Fernsehen-1024x735.png 1024w, https:\/\/news.ifit.li\/wp-content\/uploads\/2023\/07\/Katholisches-Fernsehen-300x215.png 300w, https:\/\/news.ifit.li\/wp-content\/uploads\/2023\/07\/Katholisches-Fernsehen-768x551.png 768w, https:\/\/news.ifit.li\/wp-content\/uploads\/2023\/07\/Katholisches-Fernsehen-1200x861.png 1200w, https:\/\/news.ifit.li\/wp-content\/uploads\/2023\/07\/Katholisches-Fernsehen.png 1522w\" sizes=\"auto, (max-width: 1024px) 100vw, 1024px\" \/><\/a><figcaption class=\"wp-element-caption\"><a href=\"http:\/\/k-tv.org\" target=\"_blank\" rel=\"noreferrer noopener\">Katholisches Fernsehen<\/a><\/figcaption><\/figure>\n\n\n\n<figure class=\"wp-block-image size-large is-resized\"><a href=\"https:\/\/neueranfang.online\/\" target=\"_blank\" rel=\"noreferrer noopener\"><img loading=\"lazy\" decoding=\"async\" width=\"1024\" height=\"697\" src=\"https:\/\/news.ifit.li\/wp-content\/uploads\/2023\/07\/Portal-Neuer-Anfang-1024x697.png\" alt=\"\" class=\"wp-image-771\" style=\"width:610px;height:415px\" srcset=\"https:\/\/news.ifit.li\/wp-content\/uploads\/2023\/07\/Portal-Neuer-Anfang-1024x697.png 1024w, https:\/\/news.ifit.li\/wp-content\/uploads\/2023\/07\/Portal-Neuer-Anfang-300x204.png 300w, https:\/\/news.ifit.li\/wp-content\/uploads\/2023\/07\/Portal-Neuer-Anfang-768x523.png 768w, https:\/\/news.ifit.li\/wp-content\/uploads\/2023\/07\/Portal-Neuer-Anfang-1200x817.png 1200w, https:\/\/news.ifit.li\/wp-content\/uploads\/2023\/07\/Portal-Neuer-Anfang.png 1522w\" sizes=\"auto, (max-width: 1024px) 100vw, 1024px\" \/><\/a><figcaption class=\"wp-element-caption\"><a href=\"https:\/\/neueranfang.online\/\" target=\"_blank\" rel=\"noreferrer noopener\">Forum Neuer Anfang<\/a><\/figcaption><\/figure>\n\n\n\n<figure class=\"wp-block-gallery has-nested-images columns-default is-cropped wp-block-gallery-1 is-layout-flex wp-block-gallery-is-layout-flex\">\n<figure class=\"wp-block-image size-large\"><a href=\"https:\/\/www.die-tagespost.de\" target=\"_blank\" rel=\"die-tagespost.de noopener\"><img loading=\"lazy\" decoding=\"async\" width=\"1024\" height=\"478\" data-id=\"587\" src=\"https:\/\/news.ifit.li\/wp-content\/uploads\/2022\/03\/20220321_141544_735-1024x478.jpg\" alt=\"\" class=\"wp-image-587\" srcset=\"https:\/\/news.ifit.li\/wp-content\/uploads\/2022\/03\/20220321_141544_735-1024x478.jpg 1024w, https:\/\/news.ifit.li\/wp-content\/uploads\/2022\/03\/20220321_141544_735-300x140.jpg 300w, https:\/\/news.ifit.li\/wp-content\/uploads\/2022\/03\/20220321_141544_735-768x358.jpg 768w, https:\/\/news.ifit.li\/wp-content\/uploads\/2022\/03\/20220321_141544_735-1536x717.jpg 1536w, https:\/\/news.ifit.li\/wp-content\/uploads\/2022\/03\/20220321_141544_735-2048x956.jpg 2048w, https:\/\/news.ifit.li\/wp-content\/uploads\/2022\/03\/20220321_141544_735-1200x560.jpg 1200w, https:\/\/news.ifit.li\/wp-content\/uploads\/2022\/03\/20220321_141544_735-1980x924.jpg 1980w\" sizes=\"auto, (max-width: 1024px) 100vw, 1024px\" \/><\/a><figcaption class=\"wp-element-caption\">Die Tagespost<br>KLARER KURS. KAQTHOLISCHER JOURNALISMUS<\/figcaption><\/figure>\n<\/figure>\n\n\n\n<figure class=\"wp-block-image size-large\"><a href=\"https:\/\/www.kath.net\" target=\"_blank\" rel=\"noopener\"><img loading=\"lazy\" decoding=\"async\" width=\"1024\" height=\"446\" src=\"https:\/\/news.ifit.li\/wp-content\/uploads\/2022\/03\/Impressum-von-kath.net_-1024x446.png\" alt=\"\" class=\"wp-image-606\" srcset=\"https:\/\/news.ifit.li\/wp-content\/uploads\/2022\/03\/Impressum-von-kath.net_-1024x446.png 1024w, https:\/\/news.ifit.li\/wp-content\/uploads\/2022\/03\/Impressum-von-kath.net_-300x131.png 300w, https:\/\/news.ifit.li\/wp-content\/uploads\/2022\/03\/Impressum-von-kath.net_-768x335.png 768w, https:\/\/news.ifit.li\/wp-content\/uploads\/2022\/03\/Impressum-von-kath.net_-1536x669.png 1536w, https:\/\/news.ifit.li\/wp-content\/uploads\/2022\/03\/Impressum-von-kath.net_-1200x523.png 1200w, https:\/\/news.ifit.li\/wp-content\/uploads\/2022\/03\/Impressum-von-kath.net_.png 1813w\" sizes=\"auto, (max-width: 1024px) 100vw, 1024px\" \/><\/a><figcaption class=\"wp-element-caption\">kath.net &#8211; Katholische Nachrichten<\/figcaption><\/figure>\n\n\n\n<figure class=\"wp-block-image size-large\"><a href=\"https:\/\/www.swiss-cath.ch\/\" target=\"_blank\" rel=\"noreferrer noopener\"><img loading=\"lazy\" decoding=\"async\" width=\"1024\" height=\"613\" src=\"https:\/\/news.ifit.li\/wp-content\/uploads\/2024\/01\/image-1024x613.png\" alt=\"\" class=\"wp-image-827\" srcset=\"https:\/\/news.ifit.li\/wp-content\/uploads\/2024\/01\/image-1024x613.png 1024w, https:\/\/news.ifit.li\/wp-content\/uploads\/2024\/01\/image-300x180.png 300w, https:\/\/news.ifit.li\/wp-content\/uploads\/2024\/01\/image-768x460.png 768w, https:\/\/news.ifit.li\/wp-content\/uploads\/2024\/01\/image-1536x920.png 1536w, https:\/\/news.ifit.li\/wp-content\/uploads\/2024\/01\/image-1200x719.png 1200w, https:\/\/news.ifit.li\/wp-content\/uploads\/2024\/01\/image.png 1920w\" sizes=\"auto, (max-width: 1024px) 100vw, 1024px\" \/><\/a><figcaption class=\"wp-element-caption\"><strong>swiss-cath.ch<\/strong>&nbsp;ist ein unabh\u00e4ngiges katholisches Internet-Portal in der Rechtsform des Vereins.<\/figcaption><\/figure>\n\n\n\n<figure class=\"wp-block-image size-large\"><a href=\"https:\/\/www.osservatore-romano.de\/\" target=\"_blank\" rel=\"noopener\"><img loading=\"lazy\" decoding=\"async\" width=\"1024\" height=\"784\" src=\"https:\/\/news.ifit.li\/wp-content\/uploads\/2022\/03\/LOsservatore-Romano-1024x784.png\" alt=\"\" class=\"wp-image-613\" srcset=\"https:\/\/news.ifit.li\/wp-content\/uploads\/2022\/03\/LOsservatore-Romano-1024x784.png 1024w, https:\/\/news.ifit.li\/wp-content\/uploads\/2022\/03\/LOsservatore-Romano-300x230.png 300w, https:\/\/news.ifit.li\/wp-content\/uploads\/2022\/03\/LOsservatore-Romano-768x588.png 768w, https:\/\/news.ifit.li\/wp-content\/uploads\/2022\/03\/LOsservatore-Romano-1200x918.png 1200w, https:\/\/news.ifit.li\/wp-content\/uploads\/2022\/03\/LOsservatore-Romano.png 1244w\" sizes=\"auto, (max-width: 1024px) 100vw, 1024px\" \/><\/a><figcaption class=\"wp-element-caption\"><a rel=\"noreferrer noopener\" href=\"https:\/\/www.osservatore-romano.de\/\" target=\"_blank\">L&#8217;Osservatore Romano Deutsch<\/a><\/figcaption><\/figure>\n\n\n\n<figure class=\"wp-block-image size-full\"><a href=\"https:\/\/www.1000plus.net\/\" target=\"_blank\" rel=\"noreferrer noopener\"><img loading=\"lazy\" decoding=\"async\" width=\"960\" height=\"575\" src=\"https:\/\/news.ifit.li\/wp-content\/uploads\/2024\/02\/Homepage-1000plus-50.png\" alt=\"\" class=\"wp-image-834\" srcset=\"https:\/\/news.ifit.li\/wp-content\/uploads\/2024\/02\/Homepage-1000plus-50.png 960w, https:\/\/news.ifit.li\/wp-content\/uploads\/2024\/02\/Homepage-1000plus-50-300x180.png 300w, https:\/\/news.ifit.li\/wp-content\/uploads\/2024\/02\/Homepage-1000plus-50-768x460.png 768w\" sizes=\"auto, (max-width: 960px) 100vw, 960px\" \/><\/a><figcaption class=\"wp-element-caption\">\u201e<a href=\"https:\/\/www.1000plus.net\/de-ch\/about\" target=\"_blank\" rel=\"noreferrer noopener\">1000plus<\/a>\u201c bedeutet, dass wir j\u00e4hrlich 1.000 und mehr Schwangere in Not erreichen und ihnen die Information, Beratung und Hilfe zur Verf\u00fcgung stellen m\u00f6chten, die sie brauchen, um sich f\u00fcr das Leben ihre Babys entscheiden zu k\u00f6nnen.<\/figcaption><\/figure>\n\n\n\n<figure class=\"wp-block-image size-full\"><a href=\"https:\/\/news.ifit.li\/wp-content\/uploads\/2020\/05\/982-9822382_leaves-linie-linien-schmucklinien-divider-trennlinie.jpg\"><img loading=\"lazy\" decoding=\"async\" width=\"820\" height=\"133\" src=\"https:\/\/news.ifit.li\/wp-content\/uploads\/2020\/05\/982-9822382_leaves-linie-linien-schmucklinien-divider-trennlinie.jpg\" alt=\"\" class=\"wp-image-835\" srcset=\"https:\/\/news.ifit.li\/wp-content\/uploads\/2020\/05\/982-9822382_leaves-linie-linien-schmucklinien-divider-trennlinie.jpg 820w, https:\/\/news.ifit.li\/wp-content\/uploads\/2020\/05\/982-9822382_leaves-linie-linien-schmucklinien-divider-trennlinie-300x49.jpg 300w, https:\/\/news.ifit.li\/wp-content\/uploads\/2020\/05\/982-9822382_leaves-linie-linien-schmucklinien-divider-trennlinie-768x125.jpg 768w\" sizes=\"auto, (max-width: 820px) 100vw, 820px\" \/><\/a><\/figure>\n\n\n\n<h4 class=\"wp-block-heading\">Adresse der Redaktion<\/h4>\n\n\n\n<p>Institut f\u00fcr Internet Technologie (<a rel=\"noreferrer noopener\" href=\"https:\/\/ifit.ch\/\" target=\"_blank\">iFIT<\/a>)<br>Louis A. Venetz<br>Dipl. Ing. FH in Systemtechnik<br>Freier Fachjournalist BR (<a rel=\"noreferrer noopener\" href=\"https:\/\/www.fachjournalisten.org\/about\/\" target=\"_blank\">VIF<\/a>, <a rel=\"noreferrer noopener\" href=\"http:\/\/www.sfj-ajs.ch\/de\/home\/\" target=\"_blank\">SJF<\/a>)<br>Oberdierikonerstrasse 7<br>CH-6030 <strong>Ebikon<\/strong><\/p>\n\n\n\n<p><a href=\"mailto:web@ifit.ch\" target=\"_blank\" rel=\"noreferrer noopener\">Webmaster<\/a>\u00a0(Click to send an eMail)<br>\u00a9 Copyright 2003-2024 by\u00a0<a href=\"https:\/\/ifit.ch\" target=\"_blank\" rel=\"noreferrer noopener\">iFIT<\/a>. <strong>21 Years!<\/strong><\/p>\n\n\n\n<p><\/p>\n","protected":false},"excerpt":{"rendered":"<p>Diese Website geh\u00f6rt dem Institut f\u00fcr Internet Technologie (iFIT). Call for Papers \/ Aufruf zur Publikation M\u00f6chten Sie auf dieser Webseite einen (Blog-)Beitrag ver\u00f6ffentlichen, senden Sie einfach ein elektronisches Dokument, welches inhaltlich die traditionell r\u00f6m.-kath. Lehre und den Katechismus befolgt, mit den n\u00f6tigen Angaben an den Webmaster&nbsp;(Click to send an eMail). Wir lehnen uns an [&hellip;]<\/p>\n","protected":false},"author":1,"featured_media":374,"comment_status":"closed","ping_status":"open","sticky":true,"template":"","format":"standard","meta":{"footnotes":""},"categories":[1,19],"tags":[14,15,16,17,18],"class_list":["post-1","post","type-post","status-publish","format-standard","has-post-thumbnail","hentry","category-allgemein","category-kirche","tag-identitaetsprinzip","tag-kontradiktionsprinzip","tag-prinzip-des-ausgeschlossenen-dritten","tag-prinzip-des-hinreichenden-grundes","tag-seinsprinzipien"],"_links":{"self":[{"href":"https:\/\/news.ifit.li\/index.php?rest_route=\/wp\/v2\/posts\/1","targetHints":{"allow":["GET"]}}],"collection":[{"href":"https:\/\/news.ifit.li\/index.php?rest_route=\/wp\/v2\/posts"}],"about":[{"href":"https:\/\/news.ifit.li\/index.php?rest_route=\/wp\/v2\/types\/post"}],"author":[{"embeddable":true,"href":"https:\/\/news.ifit.li\/index.php?rest_route=\/wp\/v2\/users\/1"}],"replies":[{"embeddable":true,"href":"https:\/\/news.ifit.li\/index.php?rest_route=%2Fwp%2Fv2%2Fcomments&post=1"}],"version-history":[{"count":63,"href":"https:\/\/news.ifit.li\/index.php?rest_route=\/wp\/v2\/posts\/1\/revisions"}],"predecessor-version":[{"id":838,"href":"https:\/\/news.ifit.li\/index.php?rest_route=\/wp\/v2\/posts\/1\/revisions\/838"}],"wp:featuredmedia":[{"embeddable":true,"href":"https:\/\/news.ifit.li\/index.php?rest_route=\/wp\/v2\/media\/374"}],"wp:attachment":[{"href":"https:\/\/news.ifit.li\/index.php?rest_route=%2Fwp%2Fv2%2Fmedia&parent=1"}],"wp:term":[{"taxonomy":"category","embeddable":true,"href":"https:\/\/news.ifit.li\/index.php?rest_route=%2Fwp%2Fv2%2Fcategories&post=1"},{"taxonomy":"post_tag","embeddable":true,"href":"https:\/\/news.ifit.li\/index.php?rest_route=%2Fwp%2Fv2%2Ftags&post=1"}],"curies":[{"name":"wp","href":"https:\/\/api.w.org\/{rel}","templated":true}]}}